{"id":4498,"date":"2026-04-28T09:35:12","date_gmt":"2026-04-28T09:35:12","guid":{"rendered":"https:\/\/www.santorroman.com\/la-rioja-capitale-du-carton-lors-du-salon-afco-2026\/"},"modified":"2026-04-28T09:52:59","modified_gmt":"2026-04-28T09:52:59","slug":"la-rioja-capitale-du-carton-lors-du-salon-afco-2026","status":"publish","type":"post","link":"https:\/\/www.santorroman.com\/fr\/la-rioja-capitale-du-carton-lors-du-salon-afco-2026\/","title":{"rendered":"RENCONTRE AFCO 2026 : L&rsquo;AVENIR DU CARTON DURABLE"},"content":{"rendered":"<p>Les 15 et 16 avril derniers, notre r\u00e9gion est devenue le centre n\u00e9vralgique du carton \u00e0 l&rsquo;occasion de la tenue du Rencontre des entrepreneurs AFCO 2026. Sous le slogan \u00ab Le carton : un mat\u00e9riau d&rsquo;avenir \u00bb, des dirigeants et des entreprises de premier plan se sont r\u00e9unis pour d\u00e9finir les grandes lignes d&rsquo;une industrie strat\u00e9gique en mati\u00e8re de d\u00e9veloppement durable intelligent.<\/p>\n<p><strong>Strat\u00e9gie dans un contexte de changement<\/strong><br \/>La journ\u00e9e principale a \u00e9t\u00e9 anim\u00e9e par Leopoldo Santorrom\u00e1n, pr\u00e9sident de l&rsquo;AFCO et directeur g\u00e9n\u00e9ral de Cartonajes Santorrom\u00e1n, dans les locaux de Bodegas Palacios Vinos de Finca. Parmi les th\u00e8mes abord\u00e9s figurait la d\u00e9finition du carton non seulement comme un mat\u00e9riau recyclable, mais aussi comme une solution technologique capable de s&rsquo;adapter aux nouvelles exigences de la cha\u00eene d&rsquo;approvisionnement. Au cours des sessions suivantes, les participants ont \u00e9galement approfondi, entre autres, la mani\u00e8re dont la num\u00e9risation permet d&rsquo;optimiser les ressources et de r\u00e9duire l&#8217;empreinte carbone de nos clients.<\/p>\n<p><img loading=\"lazy\" decoding=\"async\" class=\"aligncenter wp-image-4480\" title=\"Santorroman en AFCO\" src=\"https:\/\/www.santorroman.com\/wp-content\/uploads\/2026\/04\/1-1024x576.jpg\" alt=\"Santorroman- Cartonajes- meeting AFCO\" width=\"988\" height=\"535\" srcset=\"https:\/\/www.santorroman.com\/wp-content\/uploads\/2026\/04\/1-1024x576.jpg 988w, https:\/\/www.santorroman.com\/wp-content\/uploads\/2026\/04\/1-980x552.jpg 980w, https:\/\/www.santorroman.com\/wp-content\/uploads\/2026\/04\/1-480x270.jpg 480w\" sizes=\"(min-width: 0px) and (max-width: 480px) 480px, (min-width: 481px) and (max-width: 980px) 980px, (min-width: 981px) 988px, 100vw\" \/><\/p>\n<p>&nbsp;<\/p>\n<p><strong>Leadership d&rsquo;\u00e9lite et capacit\u00e9 d&rsquo;adaptation<\/strong><br \/>Au-del\u00e0 des donn\u00e9es techniques, cet \u00e9v\u00e9nement nous a offert une perspective humaine et motivante sur le leadership. Au cours d&rsquo;un dialogue intitul\u00e9 \u00ab Entra\u00eenement d&rsquo;\u00e9lite et valeurs \u00bb, Toni Nadal, figure embl\u00e9matique du tennis et mentor de Rafa Nadal, ainsi que l&rsquo;ing\u00e9nieur et illusionniste Jorge Luengo, ont r\u00e9fl\u00e9chi sur la discipline, la m\u00e9thode et la capacit\u00e9 d&rsquo;adaptation face \u00e0 des environnements tr\u00e8s exigeants. Leurs messages sur la r\u00e9silience et l&rsquo;importance de l&rsquo;attitude ont trouv\u00e9 un \u00e9cho puissant, nous rappelant que la mentalit\u00e9 de d\u00e9passement de soi est le moteur indispensable pour faire face \u00e0 toute transformation industrielle.<\/p>\n<p><strong>H\u00f4tes dans une r\u00e9gion d&rsquo;excellence<\/strong><br \/>Chez Cartonajes Santorrom\u00e1n, nous sommes fiers d&rsquo;avoir accueilli cet \u00e9v\u00e9nement dans la Rioja. Cette rencontre renforce notre engagement en faveur de l&rsquo;innovation et nous incite \u00e0 continuer de fabriquer les emballages dont la soci\u00e9t\u00e9 et la plan\u00e8te ont besoin : efficaces, technologiques et pleinement durables.<br \/>Merci \u00e0 tous les participants d&rsquo;avoir fait de cet \u00e9v\u00e9nement un succ\u00e8s retentissant chez nous !<\/p>\n<p>&nbsp;<\/p>\n\n\t\t<style type=\"text\/css\">\n\t\t\t#gallery-1 {\n\t\t\t\tmargin: auto;\n\t\t\t}\n\t\t\t#gallery-1 .gallery-item {\n\t\t\t\tfloat: left;\n\t\t\t\tmargin-top: 10px;\n\t\t\t\ttext-align: center;\n\t\t\t\twidth: 33%;\n\t\t\t}\n\t\t\t#gallery-1 img {\n\t\t\t\tborder: 2px solid #cfcfcf;\n\t\t\t}\n\t\t\t#gallery-1 .gallery-caption {\n\t\t\t\tmargin-left: 0;\n\t\t\t}\n\t\t\t\/* see gallery_shortcode() in wp-includes\/media.php *\/\n\t\t<\/style>\n\t\t<div id='gallery-1' class='gallery galleryid-4498 gallery-columns-3 gallery-size-full'><dl class='gallery-item'>\n\t\t\t<dt class='gallery-icon landscape'>\n\t\t\t\t<a href='https:\/\/www.santorroman.com\/fr\/la-rioja-capitale-du-carton-lors-du-salon-afco-2026\/4-2\/'><img loading=\"lazy\" decoding=\"async\" width=\"1080\" height=\"608\" src=\"https:\/\/www.santorroman.com\/wp-content\/uploads\/2026\/04\/4.jpg\" class=\"attachment-full size-full\" alt=\"Conferencia- AFCO- Santorroman\" srcset=\"https:\/\/www.santorroman.com\/wp-content\/uploads\/2026\/04\/4.jpg 1080w, https:\/\/www.santorroman.com\/wp-content\/uploads\/2026\/04\/4-980x552.jpg 980w, https:\/\/www.santorroman.com\/wp-content\/uploads\/2026\/04\/4-480x270.jpg 480w\" sizes=\"(min-width: 0px) and (max-width: 480px) 480px, (min-width: 481px) and (max-width: 980px) 980px, (min-width: 981px) 1080px, 100vw\" \/><\/a>\n\t\t\t<\/dt><\/dl><dl class='gallery-item'>\n\t\t\t<dt class='gallery-icon landscape'>\n\t\t\t\t<a href='https:\/\/www.santorroman.com\/fr\/la-rioja-capitale-du-carton-lors-du-salon-afco-2026\/3-2\/'><img loading=\"lazy\" decoding=\"async\" width=\"1080\" height=\"608\" src=\"https:\/\/www.santorroman.com\/wp-content\/uploads\/2026\/04\/3.jpg\" class=\"attachment-full size-full\" alt=\"Equipo Santorroman Afco\" srcset=\"https:\/\/www.santorroman.com\/wp-content\/uploads\/2026\/04\/3.jpg 1080w, https:\/\/www.santorroman.com\/wp-content\/uploads\/2026\/04\/3-980x552.jpg 980w, https:\/\/www.santorroman.com\/wp-content\/uploads\/2026\/04\/3-480x270.jpg 480w\" sizes=\"(min-width: 0px) and (max-width: 480px) 480px, (min-width: 481px) and (max-width: 980px) 980px, (min-width: 981px) 1080px, 100vw\" \/><\/a>\n\t\t\t<\/dt><\/dl><dl class='gallery-item'>\n\t\t\t<dt class='gallery-icon landscape'>\n\t\t\t\t<a href='https:\/\/www.santorroman.com\/fr\/la-rioja-capitale-du-carton-lors-du-salon-afco-2026\/2-2\/'><img loading=\"lazy\" decoding=\"async\" width=\"1080\" height=\"608\" src=\"https:\/\/www.santorroman.com\/wp-content\/uploads\/2026\/04\/2.jpg\" class=\"attachment-full size-full\" alt=\"Santorroman conferencia AFCO\" srcset=\"https:\/\/www.santorroman.com\/wp-content\/uploads\/2026\/04\/2.jpg 1080w, https:\/\/www.santorroman.com\/wp-content\/uploads\/2026\/04\/2-980x552.jpg 980w, https:\/\/www.santorroman.com\/wp-content\/uploads\/2026\/04\/2-480x270.jpg 480w\" sizes=\"(min-width: 0px) and (max-width: 480px) 480px, (min-width: 481px) and (max-width: 980px) 980px, (min-width: 981px) 1080px, 100vw\" \/><\/a>\n\t\t\t<\/dt><\/dl><br style=\"clear: both\" \/>\n\t\t<\/div>\n\n<p>&nbsp;<\/p>\n","protected":false},"excerpt":{"rendered":"<p>Les 15 et 16 avril derniers, notre r\u00e9gion est devenue le centre n\u00e9vralgique du carton \u00e0 l&rsquo;occasion de la tenue du Rencontre des entrepreneurs AFCO 2026. Sous le slogan \u00ab Le carton : un mat\u00e9riau d&rsquo;avenir \u00bb, des dirigeants et des entreprises de premier plan se sont r\u00e9unis pour d\u00e9finir les grandes lignes d&rsquo;une industrie [&hellip;]<\/p>\n","protected":false},"author":2,"featured_media":4479,"comment_status":"closed","ping_status":"open","sticky":false,"template":"","format":"standard","meta":{"_et_pb_use_builder":"","_et_pb_old_content":"","_et_gb_content_width":"","footnotes":""},"categories":[25],"tags":[],"class_list":["post-4498","post","type-post","status-publish","format-standard","has-post-thumbnail","hentry","category-non-classifiee"],"yoast_head":"<!-- This site is optimized with the Yoast SEO plugin v27.5 - https:\/\/yoast.com\/product\/yoast-seo-wordpress\/ -->\n<title>RENCONTRE AFCO 2026 : L&#039;AVENIR DU CARTON DURABLE - Santorrom\u00e1n<\/title>\n<meta name=\"description\" content=\"Le salon AFCO 2026, qui s&#039;est tenu \u00e0 La Rioja, a r\u00e9uni des acteurs majeurs du secteur du carton afin de promouvoir l&#039;innovation et le d\u00e9veloppement durable dans le domaine de l&#039;emballage.\" \/>\n<meta name=\"robots\" content=\"index, follow, max-snippet:-1, max-image-preview:large, max-video-preview:-1\" \/>\n<link rel=\"canonical\" href=\"https:\/\/www.santorroman.com\/encuentro-afco-2026-la-rioja\/\" \/>\n<meta property=\"og:locale\" content=\"fr_FR\" \/>\n<meta property=\"og:type\" content=\"article\" \/>\n<meta property=\"og:title\" content=\"RENCONTRE AFCO 2026 : L&#039;AVENIR DU CARTON DURABLE - Santorrom\u00e1n\" \/>\n<meta property=\"og:description\" content=\"Le salon AFCO 2026, qui s&#039;est tenu \u00e0 La Rioja, a r\u00e9uni des acteurs majeurs du secteur du carton afin de promouvoir l&#039;innovation et le d\u00e9veloppement durable dans le domaine de l&#039;emballage.\" \/>\n<meta property=\"og:url\" content=\"https:\/\/www.santorroman.com\/encuentro-afco-2026-la-rioja\/\" \/>\n<meta property=\"og:site_name\" content=\"Santorrom\u00e1n\" \/>\n<meta property=\"article:published_time\" content=\"2026-04-28T09:35:12+00:00\" \/>\n<meta property=\"article:modified_time\" content=\"2026-04-28T09:52:59+00:00\" \/>\n<meta property=\"og:image\" content=\"https:\/\/www.santorroman.com\/wp-content\/uploads\/2026\/04\/POrtada.jpg\" \/>\n\t<meta property=\"og:image:width\" content=\"1080\" \/>\n\t<meta property=\"og:image:height\" content=\"608\" \/>\n\t<meta property=\"og:image:type\" content=\"image\/jpeg\" \/>\n<meta name=\"author\" content=\"santoadmin\" \/>\n<meta name=\"twitter:card\" content=\"summary_large_image\" \/>\n<meta name=\"twitter:label1\" content=\"\u00c9crit par\" \/>\n\t<meta name=\"twitter:data1\" content=\"santoadmin\" \/>\n\t<meta name=\"twitter:label2\" content=\"Dur\u00e9e de lecture estim\u00e9e\" \/>\n\t<meta name=\"twitter:data2\" content=\"2 minutes\" \/>\n<script type=\"application\/ld+json\" class=\"yoast-schema-graph\">{\"@context\":\"https:\\\/\\\/schema.org\",\"@graph\":[{\"@type\":\"Article\",\"@id\":\"https:\\\/\\\/www.santorroman.com\\\/encuentro-afco-2026-la-rioja\\\/#article\",\"isPartOf\":{\"@id\":\"https:\\\/\\\/www.santorroman.com\\\/encuentro-afco-2026-la-rioja\\\/\"},\"author\":{\"name\":\"santoadmin\",\"@id\":\"https:\\\/\\\/www.santorroman.com\\\/#\\\/schema\\\/person\\\/4d96deabb24791988948aa09df16445e\"},\"headline\":\"RENCONTRE AFCO 2026 : L&rsquo;AVENIR DU CARTON DURABLE\",\"datePublished\":\"2026-04-28T09:35:12+00:00\",\"dateModified\":\"2026-04-28T09:52:59+00:00\",\"mainEntityOfPage\":{\"@id\":\"https:\\\/\\\/www.santorroman.com\\\/encuentro-afco-2026-la-rioja\\\/\"},\"wordCount\":366,\"image\":{\"@id\":\"https:\\\/\\\/www.santorroman.com\\\/encuentro-afco-2026-la-rioja\\\/#primaryimage\"},\"thumbnailUrl\":\"https:\\\/\\\/www.santorroman.com\\\/wp-content\\\/uploads\\\/2026\\\/04\\\/POrtada.jpg\",\"articleSection\":[\"Non classifi\u00e9(e)\"],\"inLanguage\":\"fr-FR\"},{\"@type\":\"WebPage\",\"@id\":\"https:\\\/\\\/www.santorroman.com\\\/encuentro-afco-2026-la-rioja\\\/\",\"url\":\"https:\\\/\\\/www.santorroman.com\\\/encuentro-afco-2026-la-rioja\\\/\",\"name\":\"RENCONTRE AFCO 2026 : L'AVENIR DU CARTON DURABLE - Santorrom\u00e1n\",\"isPartOf\":{\"@id\":\"https:\\\/\\\/www.santorroman.com\\\/#website\"},\"primaryImageOfPage\":{\"@id\":\"https:\\\/\\\/www.santorroman.com\\\/encuentro-afco-2026-la-rioja\\\/#primaryimage\"},\"image\":{\"@id\":\"https:\\\/\\\/www.santorroman.com\\\/encuentro-afco-2026-la-rioja\\\/#primaryimage\"},\"thumbnailUrl\":\"https:\\\/\\\/www.santorroman.com\\\/wp-content\\\/uploads\\\/2026\\\/04\\\/POrtada.jpg\",\"datePublished\":\"2026-04-28T09:35:12+00:00\",\"dateModified\":\"2026-04-28T09:52:59+00:00\",\"author\":{\"@id\":\"https:\\\/\\\/www.santorroman.com\\\/#\\\/schema\\\/person\\\/4d96deabb24791988948aa09df16445e\"},\"description\":\"Le salon AFCO 2026, qui s'est tenu \u00e0 La Rioja, a r\u00e9uni des acteurs majeurs du secteur du carton afin de promouvoir l'innovation et le d\u00e9veloppement durable dans le domaine de l'emballage.\",\"breadcrumb\":{\"@id\":\"https:\\\/\\\/www.santorroman.com\\\/encuentro-afco-2026-la-rioja\\\/#breadcrumb\"},\"inLanguage\":\"fr-FR\",\"potentialAction\":[{\"@type\":\"ReadAction\",\"target\":[\"https:\\\/\\\/www.santorroman.com\\\/encuentro-afco-2026-la-rioja\\\/\"]}]},{\"@type\":\"ImageObject\",\"inLanguage\":\"fr-FR\",\"@id\":\"https:\\\/\\\/www.santorroman.com\\\/encuentro-afco-2026-la-rioja\\\/#primaryimage\",\"url\":\"https:\\\/\\\/www.santorroman.com\\\/wp-content\\\/uploads\\\/2026\\\/04\\\/POrtada.jpg\",\"contentUrl\":\"https:\\\/\\\/www.santorroman.com\\\/wp-content\\\/uploads\\\/2026\\\/04\\\/POrtada.jpg\",\"width\":1080,\"height\":608,\"caption\":\"Encuebtro Afco santorroman\"},{\"@type\":\"BreadcrumbList\",\"@id\":\"https:\\\/\\\/www.santorroman.com\\\/encuentro-afco-2026-la-rioja\\\/#breadcrumb\",\"itemListElement\":[{\"@type\":\"ListItem\",\"position\":1,\"name\":\"Portada\",\"item\":\"https:\\\/\\\/www.santorroman.com\\\/fr\\\/\"},{\"@type\":\"ListItem\",\"position\":2,\"name\":\"RENCONTRE AFCO 2026 : L&rsquo;AVENIR DU CARTON DURABLE\"}]},{\"@type\":\"WebSite\",\"@id\":\"https:\\\/\\\/www.santorroman.com\\\/#website\",\"url\":\"https:\\\/\\\/www.santorroman.com\\\/\",\"name\":\"Santorrom\u00e1n\",\"description\":\"Productos en cart\u00f3n ondulado\",\"potentialAction\":[{\"@type\":\"SearchAction\",\"target\":{\"@type\":\"EntryPoint\",\"urlTemplate\":\"https:\\\/\\\/www.santorroman.com\\\/?s={search_term_string}\"},\"query-input\":{\"@type\":\"PropertyValueSpecification\",\"valueRequired\":true,\"valueName\":\"search_term_string\"}}],\"inLanguage\":\"fr-FR\"},{\"@type\":\"Person\",\"@id\":\"https:\\\/\\\/www.santorroman.com\\\/#\\\/schema\\\/person\\\/4d96deabb24791988948aa09df16445e\",\"name\":\"santoadmin\",\"image\":{\"@type\":\"ImageObject\",\"inLanguage\":\"fr-FR\",\"@id\":\"https:\\\/\\\/secure.gravatar.com\\\/avatar\\\/4efb83b71fce2f0f9fff52f715b189edb0116c7b846549970f2480753c8c81d2?s=96&d=mm&r=g\",\"url\":\"https:\\\/\\\/secure.gravatar.com\\\/avatar\\\/4efb83b71fce2f0f9fff52f715b189edb0116c7b846549970f2480753c8c81d2?s=96&d=mm&r=g\",\"contentUrl\":\"https:\\\/\\\/secure.gravatar.com\\\/avatar\\\/4efb83b71fce2f0f9fff52f715b189edb0116c7b846549970f2480753c8c81d2?s=96&d=mm&r=g\",\"caption\":\"santoadmin\"},\"url\":\"https:\\\/\\\/www.santorroman.com\\\/fr\\\/author\\\/santoadmin\\\/\"}]}<\/script>\n<!-- \/ Yoast SEO plugin. -->","yoast_head_json":{"title":"RENCONTRE AFCO 2026 : L'AVENIR DU CARTON DURABLE - Santorrom\u00e1n","description":"Le salon AFCO 2026, qui s'est tenu \u00e0 La Rioja, a r\u00e9uni des acteurs majeurs du secteur du carton afin de promouvoir l'innovation et le d\u00e9veloppement durable dans le domaine de l'emballage.","robots":{"index":"index","follow":"follow","max-snippet":"max-snippet:-1","max-image-preview":"max-image-preview:large","max-video-preview":"max-video-preview:-1"},"canonical":"https:\/\/www.santorroman.com\/encuentro-afco-2026-la-rioja\/","og_locale":"fr_FR","og_type":"article","og_title":"RENCONTRE AFCO 2026 : L'AVENIR DU CARTON DURABLE - Santorrom\u00e1n","og_description":"Le salon AFCO 2026, qui s'est tenu \u00e0 La Rioja, a r\u00e9uni des acteurs majeurs du secteur du carton afin de promouvoir l'innovation et le d\u00e9veloppement durable dans le domaine de l'emballage.","og_url":"https:\/\/www.santorroman.com\/encuentro-afco-2026-la-rioja\/","og_site_name":"Santorrom\u00e1n","article_published_time":"2026-04-28T09:35:12+00:00","article_modified_time":"2026-04-28T09:52:59+00:00","og_image":[{"width":1080,"height":608,"url":"https:\/\/www.santorroman.com\/wp-content\/uploads\/2026\/04\/POrtada.jpg","type":"image\/jpeg"}],"author":"santoadmin","twitter_card":"summary_large_image","twitter_misc":{"\u00c9crit par":"santoadmin","Dur\u00e9e de lecture estim\u00e9e":"2 minutes"},"schema":{"@context":"https:\/\/schema.org","@graph":[{"@type":"Article","@id":"https:\/\/www.santorroman.com\/encuentro-afco-2026-la-rioja\/#article","isPartOf":{"@id":"https:\/\/www.santorroman.com\/encuentro-afco-2026-la-rioja\/"},"author":{"name":"santoadmin","@id":"https:\/\/www.santorroman.com\/#\/schema\/person\/4d96deabb24791988948aa09df16445e"},"headline":"RENCONTRE AFCO 2026 : L&rsquo;AVENIR DU CARTON DURABLE","datePublished":"2026-04-28T09:35:12+00:00","dateModified":"2026-04-28T09:52:59+00:00","mainEntityOfPage":{"@id":"https:\/\/www.santorroman.com\/encuentro-afco-2026-la-rioja\/"},"wordCount":366,"image":{"@id":"https:\/\/www.santorroman.com\/encuentro-afco-2026-la-rioja\/#primaryimage"},"thumbnailUrl":"https:\/\/www.santorroman.com\/wp-content\/uploads\/2026\/04\/POrtada.jpg","articleSection":["Non classifi\u00e9(e)"],"inLanguage":"fr-FR"},{"@type":"WebPage","@id":"https:\/\/www.santorroman.com\/encuentro-afco-2026-la-rioja\/","url":"https:\/\/www.santorroman.com\/encuentro-afco-2026-la-rioja\/","name":"RENCONTRE AFCO 2026 : L'AVENIR DU CARTON DURABLE - Santorrom\u00e1n","isPartOf":{"@id":"https:\/\/www.santorroman.com\/#website"},"primaryImageOfPage":{"@id":"https:\/\/www.santorroman.com\/encuentro-afco-2026-la-rioja\/#primaryimage"},"image":{"@id":"https:\/\/www.santorroman.com\/encuentro-afco-2026-la-rioja\/#primaryimage"},"thumbnailUrl":"https:\/\/www.santorroman.com\/wp-content\/uploads\/2026\/04\/POrtada.jpg","datePublished":"2026-04-28T09:35:12+00:00","dateModified":"2026-04-28T09:52:59+00:00","author":{"@id":"https:\/\/www.santorroman.com\/#\/schema\/person\/4d96deabb24791988948aa09df16445e"},"description":"Le salon AFCO 2026, qui s'est tenu \u00e0 La Rioja, a r\u00e9uni des acteurs majeurs du secteur du carton afin de promouvoir l'innovation et le d\u00e9veloppement durable dans le domaine de l'emballage.","breadcrumb":{"@id":"https:\/\/www.santorroman.com\/encuentro-afco-2026-la-rioja\/#breadcrumb"},"inLanguage":"fr-FR","potentialAction":[{"@type":"ReadAction","target":["https:\/\/www.santorroman.com\/encuentro-afco-2026-la-rioja\/"]}]},{"@type":"ImageObject","inLanguage":"fr-FR","@id":"https:\/\/www.santorroman.com\/encuentro-afco-2026-la-rioja\/#primaryimage","url":"https:\/\/www.santorroman.com\/wp-content\/uploads\/2026\/04\/POrtada.jpg","contentUrl":"https:\/\/www.santorroman.com\/wp-content\/uploads\/2026\/04\/POrtada.jpg","width":1080,"height":608,"caption":"Encuebtro Afco santorroman"},{"@type":"BreadcrumbList","@id":"https:\/\/www.santorroman.com\/encuentro-afco-2026-la-rioja\/#breadcrumb","itemListElement":[{"@type":"ListItem","position":1,"name":"Portada","item":"https:\/\/www.santorroman.com\/fr\/"},{"@type":"ListItem","position":2,"name":"RENCONTRE AFCO 2026 : L&rsquo;AVENIR DU CARTON DURABLE"}]},{"@type":"WebSite","@id":"https:\/\/www.santorroman.com\/#website","url":"https:\/\/www.santorroman.com\/","name":"Santorrom\u00e1n","description":"Productos en cart\u00f3n ondulado","potentialAction":[{"@type":"SearchAction","target":{"@type":"EntryPoint","urlTemplate":"https:\/\/www.santorroman.com\/?s={search_term_string}"},"query-input":{"@type":"PropertyValueSpecification","valueRequired":true,"valueName":"search_term_string"}}],"inLanguage":"fr-FR"},{"@type":"Person","@id":"https:\/\/www.santorroman.com\/#\/schema\/person\/4d96deabb24791988948aa09df16445e","name":"santoadmin","image":{"@type":"ImageObject","inLanguage":"fr-FR","@id":"https:\/\/secure.gravatar.com\/avatar\/4efb83b71fce2f0f9fff52f715b189edb0116c7b846549970f2480753c8c81d2?s=96&d=mm&r=g","url":"https:\/\/secure.gravatar.com\/avatar\/4efb83b71fce2f0f9fff52f715b189edb0116c7b846549970f2480753c8c81d2?s=96&d=mm&r=g","contentUrl":"https:\/\/secure.gravatar.com\/avatar\/4efb83b71fce2f0f9fff52f715b189edb0116c7b846549970f2480753c8c81d2?s=96&d=mm&r=g","caption":"santoadmin"},"url":"https:\/\/www.santorroman.com\/fr\/author\/santoadmin\/"}]}},"_links":{"self":[{"href":"https:\/\/www.santorroman.com\/fr\/wp-json\/wp\/v2\/posts\/4498","targetHints":{"allow":["GET"]}}],"collection":[{"href":"https:\/\/www.santorroman.com\/fr\/wp-json\/wp\/v2\/posts"}],"about":[{"href":"https:\/\/www.santorroman.com\/fr\/wp-json\/wp\/v2\/types\/post"}],"author":[{"embeddable":true,"href":"https:\/\/www.santorroman.com\/fr\/wp-json\/wp\/v2\/users\/2"}],"replies":[{"embeddable":true,"href":"https:\/\/www.santorroman.com\/fr\/wp-json\/wp\/v2\/comments?post=4498"}],"version-history":[{"count":2,"href":"https:\/\/www.santorroman.com\/fr\/wp-json\/wp\/v2\/posts\/4498\/revisions"}],"predecessor-version":[{"id":4503,"href":"https:\/\/www.santorroman.com\/fr\/wp-json\/wp\/v2\/posts\/4498\/revisions\/4503"}],"wp:featuredmedia":[{"embeddable":true,"href":"https:\/\/www.santorroman.com\/fr\/wp-json\/wp\/v2\/media\/4479"}],"wp:attachment":[{"href":"https:\/\/www.santorroman.com\/fr\/wp-json\/wp\/v2\/media?parent=4498"}],"wp:term":[{"taxonomy":"category","embeddable":true,"href":"https:\/\/www.santorroman.com\/fr\/wp-json\/wp\/v2\/categories?post=4498"},{"taxonomy":"post_tag","embeddable":true,"href":"https:\/\/www.santorroman.com\/fr\/wp-json\/wp\/v2\/tags?post=4498"}],"curies":[{"name":"wp","href":"https:\/\/api.w.org\/{rel}","templated":true}]}}